{"id":1416,"date":"2022-01-04T15:55:35","date_gmt":"2022-01-04T13:55:35","guid":{"rendered":"http:\/\/gdl-garmisch.de\/?p=1416"},"modified":"2022-01-04T15:55:35","modified_gmt":"2022-01-04T13:55:35","slug":"pressemitteilung-rueckzugraeume-fuer-das-zugpersonal","status":"publish","type":"post","link":"https:\/\/gdl-garmisch.de\/index.php\/2022\/01\/04\/pressemitteilung-rueckzugraeume-fuer-das-zugpersonal\/","title":{"rendered":"Pressemitteilung &#8211; R\u00fcckzugr\u00e4ume f\u00fcr das Zugpersonal"},"content":{"rendered":"\n<p><a href=\"https:\/\/www.gdl.de\/Aktuell-2022\/Pressemitteilung-1641208953\">https:\/\/www.gdl.de\/Aktuell-2022\/Pressemitteilung-1641208953<\/a><\/p>\n","protected":false},"excerpt":{"rendered":"<div class=\"mh-excerpt\"><p>https:\/\/www.gdl.de\/Aktuell-2022\/Pressemitteilung-1641208953<\/p>\n<\/div>","protected":false},"author":6,"featured_media":0,"comment_status":"open","ping_status":"open","sticky":false,"template":"","format":"standard","meta":{"footnotes":""},"categories":[1],"tags":[],"class_list":["post-1416","post","type-post","status-publish","format-standard","hentry","category-uncategorized"],"_links":{"self":[{"href":"https:\/\/gdl-garmisch.de\/index.php\/wp-json\/wp\/v2\/posts\/1416","targetHints":{"allow":["GET"]}}],"collection":[{"href":"https:\/\/gdl-garmisch.de\/index.php\/wp-json\/wp\/v2\/posts"}],"about":[{"href":"https:\/\/gdl-garmisch.de\/index.php\/wp-json\/wp\/v2\/types\/post"}],"author":[{"embeddable":true,"href":"https:\/\/gdl-garmisch.de\/index.php\/wp-json\/wp\/v2\/users\/6"}],"replies":[{"embeddable":true,"href":"https:\/\/gdl-garmisch.de\/index.php\/wp-json\/wp\/v2\/comments?post=1416"}],"version-history":[{"count":1,"href":"https:\/\/gdl-garmisch.de\/index.php\/wp-json\/wp\/v2\/posts\/1416\/revisions"}],"predecessor-version":[{"id":1417,"href":"https:\/\/gdl-garmisch.de\/index.php\/wp-json\/wp\/v2\/posts\/1416\/revisions\/1417"}],"wp:attachment":[{"href":"https:\/\/gdl-garmisch.de\/index.php\/wp-json\/wp\/v2\/media?parent=1416"}],"wp:term":[{"taxonomy":"category","embeddable":true,"href":"https:\/\/gdl-garmisch.de\/index.php\/wp-json\/wp\/v2\/categories?post=1416"},{"taxonomy":"post_tag","embeddable":true,"href":"https:\/\/gdl-garmisch.de\/index.php\/wp-json\/wp\/v2\/tags?post=1416"}],"curies":[{"name":"wp","href":"https:\/\/api.w.org\/{rel}","templated":true}]}}